{"id":27,"date":"2016-07-23T23:01:19","date_gmt":"2016-07-23T23:01:19","guid":{"rendered":"http:\/\/eigendenken.at\/?p=27"},"modified":"2016-07-23T23:01:19","modified_gmt":"2016-07-23T23:01:19","slug":"politik-gegen-terror-massenmord-als-werbe-event","status":"publish","type":"post","link":"http:\/\/eigendenken.at\/?p=27","title":{"rendered":"Politik gegen Terror, Massenmord als &#8222;Werbe-Event&#8220;,&#8230;"},"content":{"rendered":"<h2>Hilfloser Schwachsinn aus Politiker(innen?)mund:<\/h2>\n<p>Au\u00dferordentlich erfolg&#8220;reiche&#8220; Gewalttaten (Jagdausflug auf Insel mit schutzlosen Jugendlichen, Zielschie\u00dfen auf Kommilitonen\/Lehrpersonal, Sympathiebomben f\u00fcr Volkssch\u00e4dlingsgruppen, vor deren Kriegsterror eben unter Lebensgefahr geflohen wurde,&#8230;) sind in unserer Gesellschaft neu und v\u00f6llig unverst\u00e4ndlich!<\/p>\n<p>Solche neue Bedrohungen fordern unsere Fantasie und unsere besten Kr\u00e4fte heraus! Wir m\u00fcssen sie erforschen, ihre Hintergr\u00fcnde erkennen und in der Folge eine NEUE ABWEHR f\u00fcr diese Gefahr finden, erproben,&#8230; Es w\u00e4re der beste Erfolg, w\u00fcrde unsere Gesellschaft durch die intensive Zusammenarbeit ALLER BETROFFENEN (T\u00e4ter\/innen, Opfer, Eltern, Exekutiv-\/Justiz- u. a. Schutzdienste, Therapeut\/inn\/en, Streetworker\/innen, P\u00e4dagog\/inn\/en,&#8230; st\u00e4rker, besser und sicherer als zuvor!<\/p>\n<p>Ein Verfahren, das m\u00fchselig und wenig glamour\u00f6s w\u00e4re, aber den Keim der langfristigen Wirkung mit Aussicht auf eine neue, selbstbewusste\/selbstorganisierte Gesellschaft in sich tr\u00fcge! Ein st\u00e4ndiger Prozess &#8211; mit freiwilligen Kristallisationspunkten des Austausches zwischen &#8222;Fremden&#8220;, &#8222;Anderen&#8220;, &#8222;Eigenartigen&#8220;, &#8222;Sonderbaren&#8220;, Alten + Jungen, Armen + Reichen, &#8222;Eingeborenen&#8220; + &#8222;Zugroasten&#8220;,&#8230; auf Augenh\u00f6he &#8211; ohne &#8222;Kr\u00e4nkungen&#8220;, Frust, Resignation stattdessen zur wohlwollenden F\u00f6rderung der ALLE bereichernden Vielfalt&#8230;?<\/p>\n<p>H\u00f6ren wir von unseren gew\u00e4hlten Staatenlenker(inne\/n) mutige NEUE Ideeen gegen diese neuen Bedrohungen???<\/p>\n<p>&#8222;Ausnahmezustand&#8220; &#8211; hat nichts gebracht? Ja dann: &#8222;Verl\u00e4ngern!&#8220;<br \/>\n&#8222;Geheime \u00dcberwachung&#8220; &#8211; hat nix gen\u00fctzt? Ja dann: &#8222;Verst\u00e4rken!&#8220;<br \/>\n&#8222;Mehr Waffen&#8220; &#8211; Opferzahlen explodieren? Ja dann: &#8222;Auch Kinder bewaffnen!!!&#8220;<\/p>\n<p>Ich bin ein \u00fcberzeugter Fan der Demokratie!<\/p>\n<p>Aber wenn unserer PARTEIokratie NUR solchen Geistes Kinder an ihre Spitze(n) sp\u00fclt, MUTIGE Denkf\u00e4hige aber nach k\u00fcrzester Zeit brutal verschwinden l\u00e4sst, werde ich ihren Trott in den nahen Abgrund wohl bald bestaunen m\u00fcssen&#8230;<\/p>\n","protected":false},"excerpt":{"rendered":"<p>Hilfloser Schwachsinn aus Politiker(innen?)mund: Au\u00dferordentlich erfolg&#8220;reiche&#8220; Gewalttaten (Jagdausflug auf Insel mit schutzlosen Jugendlichen, Zielschie\u00dfen auf Kommilitonen\/Lehrpersonal, Sympathiebomben f\u00fcr Volkssch\u00e4dlingsgruppen, vor deren Kriegsterror eben unter Lebensgefahr geflohen wurde,&#8230;) sind in unserer Gesellschaft neu und v\u00f6llig unverst\u00e4ndlich! Solche neue Bedrohungen fordern unsere &hellip; <a href=\"http:\/\/eigendenken.at\/?p=27\">Weiterlesen <span class=\"meta-nav\">&rarr;<\/span><\/a><\/p>\n","protected":false},"author":1,"featured_media":15,"comment_status":"open","ping_status":"open","sticky":false,"template":"","format":"standard","meta":{"footnotes":""},"categories":[13],"tags":[23,22,20,24,21,18,19],"class_list":["post-27","post","type-post","status-publish","format-standard","has-post-thumbnail","hentry","category-politik","tag-augenhoehe","tag-austausch","tag-gewaltpraevention","tag-mut","tag-parteiokratie","tag-terror","tag-waffen"],"_links":{"self":[{"href":"http:\/\/eigendenken.at\/index.php?rest_route=\/wp\/v2\/posts\/27","targetHints":{"allow":["GET"]}}],"collection":[{"href":"http:\/\/eigendenken.at\/index.php?rest_route=\/wp\/v2\/posts"}],"about":[{"href":"http:\/\/eigendenken.at\/index.php?rest_route=\/wp\/v2\/types\/post"}],"author":[{"embeddable":true,"href":"http:\/\/eigendenken.at\/index.php?rest_route=\/wp\/v2\/users\/1"}],"replies":[{"embeddable":true,"href":"http:\/\/eigendenken.at\/index.php?rest_route=%2Fwp%2Fv2%2Fcomments&post=27"}],"version-history":[{"count":1,"href":"http:\/\/eigendenken.at\/index.php?rest_route=\/wp\/v2\/posts\/27\/revisions"}],"predecessor-version":[{"id":28,"href":"http:\/\/eigendenken.at\/index.php?rest_route=\/wp\/v2\/posts\/27\/revisions\/28"}],"wp:featuredmedia":[{"embeddable":true,"href":"http:\/\/eigendenken.at\/index.php?rest_route=\/wp\/v2\/media\/15"}],"wp:attachment":[{"href":"http:\/\/eigendenken.at\/index.php?rest_route=%2Fwp%2Fv2%2Fmedia&parent=27"}],"wp:term":[{"taxonomy":"category","embeddable":true,"href":"http:\/\/eigendenken.at\/index.php?rest_route=%2Fwp%2Fv2%2Fcategories&post=27"},{"taxonomy":"post_tag","embeddable":true,"href":"http:\/\/eigendenken.at\/index.php?rest_route=%2Fwp%2Fv2%2Ftags&post=27"}],"curies":[{"name":"wp","href":"https:\/\/api.w.org\/{rel}","templated":true}]}}